{"id":391,"date":"2016-03-29T18:53:05","date_gmt":"2016-03-29T16:53:05","guid":{"rendered":"https:\/\/www.rettetdenvolksentscheid.de\/wordpress\/?p=391"},"modified":"2016-09-23T11:58:55","modified_gmt":"2016-09-23T09:58:55","slug":"pressemitteilung-verfassungsbeschwerde-wie-geht-es-weiter","status":"publish","type":"post","link":"https:\/\/www.rettetdenvolksentscheid.de\/wordpress\/pressemitteilung-verfassungsbeschwerde-wie-geht-es-weiter\/","title":{"rendered":"[Pressemitteilung]: &#8220; Verfassungsbeschwerde \u2013 wie geht es weiter?&#8220;"},"content":{"rendered":"<p>Hamburg, 29.3.2016<\/p>\n<p>Der Senat will einfach, dass Volksabstimmungen in Zukunft zwar in der Verfassung stehen, aber kaum noch erfolgreich praktiziert werden k\u00f6nnen &#8211; so sieht der Tr\u00e4gerkreis \u201eRettet den Volksentscheid\u201c den Hintergrund der Verfassungsbeschwerde, die jetzt beim Hamburgischen Verfassungsgericht einging. \u201eWir haben uns fristgerecht von Senatsjuristen beraten lassen, wir haben unseren Gesetzentwurf in einigen besonders strittigen Punkten \u00fcberarbeitet \u2013 es hat alles nichts gen\u00fctzt \u201c &#8211; so das vorl\u00e4ufige Fazit der Vertrauensleute der Initiative.<\/p>\n<p>Besonders pikant: Am Gr\u00fcndonnerstag reichte die Initiative ihre abgemilderte Fassung im Rathaus ein \u2013 und bereits eine halbe Stunde sp\u00e4ter deutete B\u00fcrgerschaftspr\u00e4sidentin Carola Veit bei der Amtseinf\u00fchrung des neuen Verfassungsgerichtspr\u00e4sidenten Joachim Mehmel den Schritt vors Verfassungsgericht an. \u201eZu diesem Zeitpunkt kann weder sie noch irgendein Senatsmitglied den Text auch nur \u00fcberflogen haben\u201c, so Angelika Gardiner, eine der drei Vertrauenspersonen der Initiative. \u201eEs geht also in Wahrheit darum, dass ganz grunds\u00e4tzlich eine Mehrheit aus B\u00fcrgerschaft und Senat die bisherige Volksgesetzgebung so nicht mehr will. Auch unsere anderen Vorschl\u00e4ge, so zum Beispiel dass wie in Hessen und Bayern bei Verfassungs\u00e4nderungen das Volk das letzte Wort haben soll, sind offenbar nicht gewollt. Aber das alles wird verschleiert, weil es beim Wahlvolk vermutlich nicht gut ank\u00e4me.\u201c<\/p>\n<p>Die Initiative hatte sich vor einem knappen Jahr gebildet, als im Windschatten der geplanten Hamburger Olympia-Bewerbung ein sogenanntes B\u00fcrgerschaftsreferendum eingef\u00fchrt wurde. Dabei wurden auch massive Einschr\u00e4nkungen der Hamburger Volksgesetzgebung vorgenommen, die allerdings erst bei genauerer Kenntnis der Materie richtig sichtbar werden. Fristen und Quoren wurden so ver\u00e4ndert, dass \u2013 so der renommierte Staatsrechtler Prof. Hans Meyer in einer Expertenanh\u00f6rung \u2013 \u201eVolksentscheide im Keim erstickt werden k\u00f6nnen\u201c. Kurz bevor diese Verfassungs\u00e4nderung in Kraft trat, meldete der Tr\u00e4gerkreis \u201eRettet den Volksentscheid\u201c noch nach altem Recht eine Volksinitiative als ersten Schritt des dreistufigen Verfahrens an, um die in fast 20 Jahren erk\u00e4mpften Mitspracherechte zu sichern. Der Tr\u00e4gerkreis, der aus rund 20 B\u00fcrgerinitiativen aus ganz Hamburg und dem Verein Mehr Demokratie besteht, reichte im Herbst 2015 deutlich mehr als die n\u00f6tigen 10.000 Unterschriften ein. Jetzt also geht es um die zweite Stufe, das Volksbegehren. Daf\u00fcr werden 65.000 Unterschriften ben\u00f6tigt. Durch die Anrufung des Verfassungsgerichts ruht das Verfahren. \u201eWann die vom 30. Mai bis 19. Juni geplante Stra\u00dfensammlung nun stattfinden kann, h\u00e4ngt davon ab, wann der Spruch des Gerichts erfolgt\u201c, so Manfred Brandt von Mehr Demokratie. Schon jetzt haben mehr als 4000 Hamburgerinnen und Hamburger Briefeintragung f\u00fcrs Volksbegehren beantragt. Brandt: \u201eDiese Antr\u00e4ge sammeln wir weiter.\u201c<\/p>\n<p>F\u00fcr R\u00fcckfragen: Manfred Brandt 0176-70759718 oder 7402497<\/p>\n<div class=\"twoclick_social_bookmarks_post_391 social_share_privacy clearfix 1.6.4 locale-de_DE sprite-de_DE\"><\/div><div class=\"twoclick-js\"><script type=\"text\/javascript\">\/* <![CDATA[ *\/\njQuery(document).ready(function($){if($('.twoclick_social_bookmarks_post_391')){$('.twoclick_social_bookmarks_post_391').socialSharePrivacy({\"services\":{\"facebook\":{\"status\":\"on\",\"txt_info\":\"2 Klicks f\\u00fcr mehr Datenschutz: Erst wenn Sie hier klicken, wird der Button aktiv und Sie k\\u00f6nnen Ihre Empfehlung an Facebook senden. Schon beim Aktivieren werden Daten an Dritte \\u00fcbertragen - siehe <em>i<\\\/em>.\",\"perma_option\":\"off\",\"action\":\"recommend\",\"language\":\"de_DE\"},\"twitter\":{\"reply_to\":\"\",\"tweet_text\":\"%20%5BPressemitteilung%5D%3A%20%E2%80%9C%20Verfassungsbeschwerde%20%E2%80%93%20wie%20geht%20es%20...\",\"status\":\"on\",\"txt_info\":\"2 Klicks f\\u00fcr mehr Datenschutz: Erst wenn Sie hier klicken, wird der Button aktiv und Sie k\\u00f6nnen Ihre Empfehlung an Twitter senden. Schon beim Aktivieren werden Daten an Dritte \\u00fcbertragen - siehe <em>i<\\\/em>.\",\"perma_option\":\"off\",\"language\":\"de\",\"referrer_track\":\"\"},\"gplus\":{\"status\":\"on\",\"txt_info\":\"2 Klicks f\\u00fcr mehr Datenschutz: Erst wenn Sie hier klicken, wird der Button aktiv und Sie k\\u00f6nnen Ihre Empfehlung an Google+ senden. Schon beim Aktivieren werden Daten an Dritte \\u00fcbertragen - siehe <em>i<\\\/em>.\",\"perma_option\":\"off\",\"referrer_track\":\"\"},\"xing\":{\"status\":\"on\",\"txt_info\":\"2 Klicks f\\u00fcr mehr Datenschutz: Erst wenn Sie hier klicken, wird der Button aktiv und Sie k\\u00f6nnen Ihre Empfehlung an Xing senden. Schon beim Aktivieren werden Daten an Dritte \\u00fcbertragen - siehe <em>i<\\\/em>.\",\"perma_option\":\"off\",\"language\":\"de\",\"referrer_track\":\"\"}},\"txt_help\":\"Wenn Sie diese Felder durch einen Klick aktivieren, werden Informationen an Facebook, Twitter, Flattr, Xing, t3n, LinkedIn, Pinterest oder Google eventuell ins Ausland \\u00fcbertragen und unter Umst\\u00e4nden auch dort gespeichert. N\\u00e4heres erfahren Sie durch einen Klick auf das <em>i<\\\/em>.\",\"settings_perma\":\"Dauerhaft aktivieren und Daten\\u00fcber-tragung zustimmen:\",\"info_link\":\"http:\\\/\\\/www.heise.de\\\/ct\\\/artikel\\\/2-Klicks-fuer-mehr-Datenschutz-1333879.html\",\"uri\":\"https:\\\/\\\/www.rettetdenvolksentscheid.de\\\/wordpress\\\/pressemitteilung-verfassungsbeschwerde-wie-geht-es-weiter\\\/\",\"post_id\":391,\"post_title_referrer_track\":\"%5BPressemitteilung%5D%3A+%26%238220%3B+Verfassungsbeschwerde+%E2%80%93+wie+geht+es+weiter%3F%26%238220%3B\",\"display_infobox\":\"off\"});}});\n\/* ]]> *\/<\/script><\/div>","protected":false},"excerpt":{"rendered":"<p>Hamburg, 29.3.2016 Der Senat will einfach, dass Volksabstimmungen in Zukunft zwar in der Verfassung stehen, aber kaum noch erfolgreich praktiziert werden k\u00f6nnen &#8211; so sieht der Tr\u00e4gerkreis \u201eRettet den Volksentscheid\u201c den Hintergrund der Verfassungsbeschwerde, die jetzt beim Hamburgischen Verfassungsgericht einging. \u201eWir haben uns fristgerecht von Senatsjuristen beraten lassen, wir haben unseren Gesetzentwurf in einigen besonders [&hellip;]<\/p>\n","protected":false},"author":4,"featured_media":0,"comment_status":"open","ping_status":"open","sticky":false,"template":"","format":"standard","meta":[],"categories":[5,10],"tags":[],"_links":{"self":[{"href":"https:\/\/www.rettetdenvolksentscheid.de\/wordpress\/wp-json\/wp\/v2\/posts\/391"}],"collection":[{"href":"https:\/\/www.rettetdenvolksentscheid.de\/wordpress\/wp-json\/wp\/v2\/posts"}],"about":[{"href":"https:\/\/www.rettetdenvolksentscheid.de\/wordpress\/wp-json\/wp\/v2\/types\/post"}],"author":[{"embeddable":true,"href":"https:\/\/www.rettetdenvolksentscheid.de\/wordpress\/wp-json\/wp\/v2\/users\/4"}],"replies":[{"embeddable":true,"href":"https:\/\/www.rettetdenvolksentscheid.de\/wordpress\/wp-json\/wp\/v2\/comments?post=391"}],"version-history":[{"count":1,"href":"https:\/\/www.rettetdenvolksentscheid.de\/wordpress\/wp-json\/wp\/v2\/posts\/391\/revisions"}],"predecessor-version":[{"id":392,"href":"https:\/\/www.rettetdenvolksentscheid.de\/wordpress\/wp-json\/wp\/v2\/posts\/391\/revisions\/392"}],"wp:attachment":[{"href":"https:\/\/www.rettetdenvolksentscheid.de\/wordpress\/wp-json\/wp\/v2\/media?parent=391"}],"wp:term":[{"taxonomy":"category","embeddable":true,"href":"https:\/\/www.rettetdenvolksentscheid.de\/wordpress\/wp-json\/wp\/v2\/categories?post=391"},{"taxonomy":"post_tag","embeddable":true,"href":"https:\/\/www.rettetdenvolksentscheid.de\/wordpress\/wp-json\/wp\/v2\/tags?post=391"}],"curies":[{"name":"wp","href":"https:\/\/api.w.org\/{rel}","templated":true}]}}