{"id":558,"date":"2016-09-23T09:48:44","date_gmt":"2016-09-23T07:48:44","guid":{"rendered":"https:\/\/www.rettetdenvolksentscheid.de\/wordpress\/?p=558"},"modified":"2016-09-23T10:01:15","modified_gmt":"2016-09-23T08:01:15","slug":"sturmerprobt-und-zuversichtlich","status":"publish","type":"post","link":"https:\/\/www.rettetdenvolksentscheid.de\/wordpress\/sturmerprobt-und-zuversichtlich\/","title":{"rendered":"Sturmerprobt und zuversichtlich!"},"content":{"rendered":"<p>Wie \u2013 ihr seid immer noch dabei, den Volksentscheid zu retten? Diese Frage h\u00f6ren wir jetzt \u00f6fter, weil sich das Verfahren schon so lange hinzieht. Daf\u00fcr k\u00f6nnen wir nichts &#8211; das Hamburgische Verfassungsgericht, das auf Wunsch des Senats unseren Gesetzentwurf \u00fcberpr\u00fcft, entscheidet erst am 13. Oktober \u2013 und erst danach wissen wir wirklich, wie es weiter geht.<\/p>\n<p>Aber wir sind sturmerprobt. Im Tr\u00e4gerkreis \u201eRettet den Volksentscheid\u201c spielen wir bereits verschiedene Alternativen durch. Denn wir m\u00fcssen es schaffen, die alten b\u00fcrgerfreundlichen Regeln f\u00fcr Volksentscheide in Hamburg zu erhalten! Schlie\u00dflich haben wir, die B\u00fcrgerinnen und B\u00fcrger, in fast 20 Jahren diese Mitspracherechte erk\u00e4mpft. Oft Seite an Seite mit Vertretern derjenigen Parteien, die jetzt die demokratische Rolle r\u00fcckw\u00e4rts wollen!<\/p>\n<p>Klar ist es f\u00fcr die Regierenden unbequem, wenn das Volk mitentscheiden kann. Aber: Sind nicht wir alle der Souver\u00e4n? Deshalb wollen wir mit unserem Gesetzentwurf auch erreichen, dass in Zukunft die Verfassung in Hamburg nur noch mit Zustimmung des Volks ge\u00e4ndert wird \u2013 so wie in anderen Bundesl\u00e4ndern auch.<\/p>\n<p>Wir sind zuversichtlich, dass unser Gesetzentwurf juristisch sehr gut dasteht. Unsere Anw\u00e4lte haben \u00fcberzeugende Argumente vorgelegt. Das Verfahren kostet uns zwar richtig Geld, aber Sie, unsere Freundinnen und Freunde, haben uns mit Ihren Spenden bereits sehr geholfen. Von den ca. 19.000 \u20ac, die wir aufbringen m\u00fcssen, fehlen uns nur noch 4.000 \u20ac. Daher unsere gro\u00dfe Bitte:<\/p>\n<p><a href=\"https:\/\/www.rettetdenvolksentscheid.de\/wordpress\/spenden\/\/\">Spenden Sie, damit wir auch den Rest noch schaffen! 10, 20, 50 Euro (gern auch mehr) \u2013 jeder Betrag ist willkommen!<\/a><\/p>\n<p>Mit herzlichem Dank im Voraus!<\/p>\n<p>Ihre<br \/>\nAngelika Gardiner<br \/>\nMitglied im Hamburger Landesvorstand<br \/>\nVon Mehr Demokratie e.V.<\/p>\n<div class=\"twoclick_social_bookmarks_post_558 social_share_privacy clearfix 1.6.4 locale-de_DE sprite-de_DE\"><\/div><div class=\"twoclick-js\"><script type=\"text\/javascript\">\/* <![CDATA[ *\/\njQuery(document).ready(function($){if($('.twoclick_social_bookmarks_post_558')){$('.twoclick_social_bookmarks_post_558').socialSharePrivacy({\"services\":{\"facebook\":{\"status\":\"on\",\"txt_info\":\"2 Klicks f\\u00fcr mehr Datenschutz: Erst wenn Sie hier klicken, wird der Button aktiv und Sie k\\u00f6nnen Ihre Empfehlung an Facebook senden. Schon beim Aktivieren werden Daten an Dritte \\u00fcbertragen - siehe <em>i<\\\/em>.\",\"perma_option\":\"off\",\"action\":\"recommend\",\"language\":\"de_DE\"},\"twitter\":{\"reply_to\":\"\",\"tweet_text\":\"Sturmerprobt%20und%20zuversichtlich%21%20%C2%BB%20Rettet%20den%20Volksentscheid\",\"status\":\"on\",\"txt_info\":\"2 Klicks f\\u00fcr mehr Datenschutz: Erst wenn Sie hier klicken, wird der Button aktiv und Sie k\\u00f6nnen Ihre Empfehlung an Twitter senden. Schon beim Aktivieren werden Daten an Dritte \\u00fcbertragen - siehe <em>i<\\\/em>.\",\"perma_option\":\"off\",\"language\":\"de\",\"referrer_track\":\"\"},\"gplus\":{\"status\":\"on\",\"txt_info\":\"2 Klicks f\\u00fcr mehr Datenschutz: Erst wenn Sie hier klicken, wird der Button aktiv und Sie k\\u00f6nnen Ihre Empfehlung an Google+ senden. Schon beim Aktivieren werden Daten an Dritte \\u00fcbertragen - siehe <em>i<\\\/em>.\",\"perma_option\":\"off\",\"referrer_track\":\"\"},\"xing\":{\"status\":\"on\",\"txt_info\":\"2 Klicks f\\u00fcr mehr Datenschutz: Erst wenn Sie hier klicken, wird der Button aktiv und Sie k\\u00f6nnen Ihre Empfehlung an Xing senden. Schon beim Aktivieren werden Daten an Dritte \\u00fcbertragen - siehe <em>i<\\\/em>.\",\"perma_option\":\"off\",\"language\":\"de\",\"referrer_track\":\"\"}},\"txt_help\":\"Wenn Sie diese Felder durch einen Klick aktivieren, werden Informationen an Facebook, Twitter, Flattr, Xing, t3n, LinkedIn, Pinterest oder Google eventuell ins Ausland \\u00fcbertragen und unter Umst\\u00e4nden auch dort gespeichert. N\\u00e4heres erfahren Sie durch einen Klick auf das <em>i<\\\/em>.\",\"settings_perma\":\"Dauerhaft aktivieren und Daten\\u00fcber-tragung zustimmen:\",\"info_link\":\"http:\\\/\\\/www.heise.de\\\/ct\\\/artikel\\\/2-Klicks-fuer-mehr-Datenschutz-1333879.html\",\"uri\":\"https:\\\/\\\/www.rettetdenvolksentscheid.de\\\/wordpress\\\/sturmerprobt-und-zuversichtlich\\\/\",\"post_id\":558,\"post_title_referrer_track\":\"Sturmerprobt+und+zuversichtlich%21\",\"display_infobox\":\"off\"});}});\n\/* ]]> *\/<\/script><\/div>","protected":false},"excerpt":{"rendered":"<p>Wie \u2013 ihr seid immer noch dabei, den Volksentscheid zu retten? Diese Frage h\u00f6ren wir jetzt \u00f6fter, weil sich das Verfahren schon so lange hinzieht. Daf\u00fcr k\u00f6nnen wir nichts &#8211; das Hamburgische Verfassungsgericht, das auf Wunsch des Senats unseren Gesetzentwurf \u00fcberpr\u00fcft, entscheidet erst am 13. Oktober \u2013 und erst danach wissen wir wirklich, wie es [&hellip;]<\/p>\n","protected":false},"author":9,"featured_media":0,"comment_status":"open","ping_status":"open","sticky":false,"template":"","format":"standard","meta":[],"categories":[5],"tags":[],"_links":{"self":[{"href":"https:\/\/www.rettetdenvolksentscheid.de\/wordpress\/wp-json\/wp\/v2\/posts\/558"}],"collection":[{"href":"https:\/\/www.rettetdenvolksentscheid.de\/wordpress\/wp-json\/wp\/v2\/posts"}],"about":[{"href":"https:\/\/www.rettetdenvolksentscheid.de\/wordpress\/wp-json\/wp\/v2\/types\/post"}],"author":[{"embeddable":true,"href":"https:\/\/www.rettetdenvolksentscheid.de\/wordpress\/wp-json\/wp\/v2\/users\/9"}],"replies":[{"embeddable":true,"href":"https:\/\/www.rettetdenvolksentscheid.de\/wordpress\/wp-json\/wp\/v2\/comments?post=558"}],"version-history":[{"count":3,"href":"https:\/\/www.rettetdenvolksentscheid.de\/wordpress\/wp-json\/wp\/v2\/posts\/558\/revisions"}],"predecessor-version":[{"id":561,"href":"https:\/\/www.rettetdenvolksentscheid.de\/wordpress\/wp-json\/wp\/v2\/posts\/558\/revisions\/561"}],"wp:attachment":[{"href":"https:\/\/www.rettetdenvolksentscheid.de\/wordpress\/wp-json\/wp\/v2\/media?parent=558"}],"wp:term":[{"taxonomy":"category","embeddable":true,"href":"https:\/\/www.rettetdenvolksentscheid.de\/wordpress\/wp-json\/wp\/v2\/categories?post=558"},{"taxonomy":"post_tag","embeddable":true,"href":"https:\/\/www.rettetdenvolksentscheid.de\/wordpress\/wp-json\/wp\/v2\/tags?post=558"}],"curies":[{"name":"wp","href":"https:\/\/api.w.org\/{rel}","templated":true}]}}